{"id":5407,"date":"2025-02-12T11:14:49","date_gmt":"2025-02-12T11:14:49","guid":{"rendered":"https:\/\/mice.ba\/2025\/02\/12\/mice-ba-kljucni-partner-u-organizaciji-drugog-gospodarskog-foruma-zupanije-zapadnohercegovacke\/"},"modified":"2025-10-24T17:43:58","modified_gmt":"2025-10-24T17:43:58","slug":"mice-ba-key-partner-in-the-organization-of-the-second-economic-forum-of-the-west-herzegovina-county","status":"publish","type":"post","link":"https:\/\/mice.ba\/en\/2025\/02\/12\/mice-ba-key-partner-in-the-organization-of-the-second-economic-forum-of-the-west-herzegovina-county\/","title":{"rendered":"MICE.BA &#8211; key partner in the organization of the Second Economic Forum of the West Herzegovina County"},"content":{"rendered":"\n<p>Drugi gospodarski forum \u017dupanije Zapadnohercegova\u010dke na temu \u201eRazvoj gospodarstva i izazovi u 2025. godini\u201c odr\u017ean je 5.2.2025. u Hotelu Bigeste u Ljubu\u0161kom. Ovaj doga\u0111aj je okupio brojne gospodarstvenike, stru\u010dnjake i predstavnike vlasti, s ciljem ja\u010danja suradnje izme\u0111u privatnog sektora i Vlade te razgovora o aktualnim gospodarskim izazovima i prilikama. Agencija MICE.ba sudjeluje u organizaciji <a href=\"https:\/\/mice.ba\/en\/2023\/12\/03\/event-management-example-of-organizing-an-economic-forum-for-the-west-herzegovina-county\/\">Gospodarskog foruma \u017dupanije Zapadnohercegova\u010dke<\/a> ve\u0107 drugi put zaredom, u suradnji s timom Vlade \u017dupanije. Nastavak suradnje duboko je utemeljen na povjerenju, zajedni\u010dkom razumijevanju ciljeva organizatora i pa\u017eljivom pristupu potrebama ciljne skupine, \u0161to zajedno doprinosi stvaranju vrijednog i inspirativnog doga\u0111aja. <\/p>\n\n\n\n<h2 class=\"wp-block-heading\">Detalji o programu poslovnog eventa<\/h2>\n\n\n\n<p>Forum je zapo\u010deo uvodnim obra\u0107anjem Predraga \u010covi\u0107a, predsjednika Vlade \u017dupanije Zapadnohercegova\u010dke, koji je istaknuo va\u017enost konstruktivnog dijaloga izme\u0111u gospodarstvenika i vlasti. Klju\u010dno izlaganje na temu \u201eGlobalni izazovi za gospodarstvenike\u201c odr\u017eao je Zdravko Mari\u0107, vlasnik i direktor Marabizz d.o.o. iz Zagreba. U panel diskusiji sudjelovali su i Andrej Grubi\u0161i\u0107, partner u GRUBI\u0160I\u0106 &amp; PARTNERI, Jelena \u010ca\u010dulovi\u0107, direktorica tvrtke Weltplast iz Posu\u0161ja, te Marko \u0160anti\u0107, predsjednik Gospodarske komore Federacije Bosne i Hercegovine. Zoran Zeljko, direktor Direkcije za ekonomsko planiranje moderirao je panel diskusiju.<\/p>\n\n\n\n<blockquote class=\"wp-block-quote is-layout-flow wp-block-quote-is-layout-flow\">\n<p><\/p>\n<\/blockquote>\n\n\n\n<figure class=\"wp-block-gallery has-nested-images columns-default is-cropped wp-block-gallery-1 is-layout-flex wp-block-gallery-is-layout-flex\">\n<figure class=\"wp-block-image size-large\"><img loading=\"lazy\" decoding=\"async\" width=\"800\" height=\"524\" data-id=\"3036\" src=\"https:\/\/mice.ba\/wp-content\/uploads\/2025\/05\/GF-1.jpg\" alt=\"\" class=\"wp-image-3036\" srcset=\"https:\/\/mice.ba\/wp-content\/uploads\/2025\/05\/GF-1.jpg 800w, https:\/\/mice.ba\/wp-content\/uploads\/2025\/05\/GF-1-300x197.jpg 300w, https:\/\/mice.ba\/wp-content\/uploads\/2025\/05\/GF-1-768x503.jpg 768w\" sizes=\"auto, (max-width: 800px) 100vw, 800px\" \/><\/figure>\n\n\n\n<figure class=\"wp-block-image size-large\"><img loading=\"lazy\" decoding=\"async\" width=\"800\" height=\"524\" data-id=\"3029\" src=\"https:\/\/mice.ba\/wp-content\/uploads\/2025\/05\/GF-2.jpg\" alt=\"\" class=\"wp-image-3029\" srcset=\"https:\/\/mice.ba\/wp-content\/uploads\/2025\/05\/GF-2.jpg 800w, https:\/\/mice.ba\/wp-content\/uploads\/2025\/05\/GF-2-300x197.jpg 300w, https:\/\/mice.ba\/wp-content\/uploads\/2025\/05\/GF-2-768x503.jpg 768w\" sizes=\"auto, (max-width: 800px) 100vw, 800px\" \/><\/figure>\n\n\n\n<figure class=\"wp-block-image size-large\"><img loading=\"lazy\" decoding=\"async\" width=\"800\" height=\"524\" data-id=\"3032\" src=\"https:\/\/mice.ba\/wp-content\/uploads\/2025\/05\/gf-5.jpg\" alt=\"\" class=\"wp-image-3032\" srcset=\"https:\/\/mice.ba\/wp-content\/uploads\/2025\/05\/gf-5.jpg 800w, https:\/\/mice.ba\/wp-content\/uploads\/2025\/05\/gf-5-300x197.jpg 300w, https:\/\/mice.ba\/wp-content\/uploads\/2025\/05\/gf-5-768x503.jpg 768w\" sizes=\"auto, (max-width: 800px) 100vw, 800px\" \/><\/figure>\n<\/figure>\n\n\n\n<h2 class=\"wp-block-heading\">Zadaci agencije MICE.BA<\/h2>\n\n\n\n<p>Agencija MICE.BA, specijalizirana za organizaciju poslovnih evenata, bila je zadu\u017eena za cjelokupnu logistiku i koordinaciju Foruma. Aktivnosti su obuhva\u0107ale:<\/p>\n\n\n\n<ul class=\"wp-block-list\">\n<li><strong>Planiranje i koordinaciju doga\u0111aja:<\/strong> izrada detaljnog plana doga\u0111anja, uklju\u010duju\u0107i raspored aktivnosti i koordinaciju s govornicima i sudionicima.<\/li>\n\n\n\n<li><strong>Tehni\u010dka podr\u0161ka: <\/strong>osiguranje potrebne tehni\u010dke opreme i tehni\u010dke podr\u0161ke tijekom cijelog doga\u0111aja.<\/li>\n\n\n\n<li><strong>Organizacija prostora: <\/strong>priprema i ure\u0111enje dvorane u hotelu Bigeste, uklju\u010duju\u0107i postavljanje pozornice, sjedala i drugih potrebnih elemenata.<\/li>\n\n\n\n<li><strong>Registracija sudionika:<\/strong> upravljanje prijavama i registracijom sudionika, uklju\u010duju\u0107i izradu akreditacija.<\/li>\n\n\n\n<li><strong>Logistika i protokol:<\/strong> koordinacija dolaska i smje\u0161taja gostiju, organizacija prijevoza i osiguranje protokolarnih potreba.<\/li>\n\n\n\n<li><strong>Kreiranje i pra\u0107enje prora\u010duna eventa<\/strong><\/li>\n<\/ul>\n\n\n\n<h2 class=\"wp-block-heading\">MICE.BA &#8211; priprema medijske kampanje<\/h2>\n\n\n\n<p>U suradnji s predstavnicima Ureda Vlade \u017dupanije Zapadnohercegova\u010dke, agencija MICE.BA pripremila je i provela medijsku kampanju s ciljem promocije eventa.<\/p>\n\n\n\n<p>Kampanja je uklju\u010divala:<\/p>\n\n\n\n<ul class=\"wp-block-list\">\n<li><strong>Izrada i distribucija pozivnica:<\/strong> dizajn i slanje slu\u017ebenih pozivnica relevantnim sudionicima i medijima.<\/li>\n\n\n\n<li><strong>Promocija na dru\u0161tvenim mre\u017eama:<\/strong> kreiranje sadr\u017eaja i objava na platformama poput Facebooka i LinkedIna radi pove\u0107anja vidljivosti doga\u0111aja.<\/li>\n\n\n\n<li><strong>Suradnja s medijima:<\/strong> organizacija medijskog pra\u0107enja doga\u0111aja, uklju\u010duju\u0107i pripremu i distribuciju priop\u0107enja za javnost. <\/li>\n\n\n\n<li><strong>Vizualni identitet doga\u0111aja:<\/strong> koordinacija s grafi\u010darima za izradu logotipa eventa, promo materijala (program eventa, akreditacije za sudionike eventa, te dizajn za LCD displey).<\/li>\n<\/ul>\n\n\n\n<figure class=\"wp-block-gallery has-nested-images columns-default is-cropped wp-block-gallery-2 is-layout-flex wp-block-gallery-is-layout-flex\">\n<figure class=\"wp-block-image size-large\"><img loading=\"lazy\" decoding=\"async\" width=\"800\" height=\"524\" data-id=\"3030\" src=\"https:\/\/mice.ba\/wp-content\/uploads\/2025\/05\/GF-3.jpg\" alt=\"\" class=\"wp-image-3030\" srcset=\"https:\/\/mice.ba\/wp-content\/uploads\/2025\/05\/GF-3.jpg 800w, https:\/\/mice.ba\/wp-content\/uploads\/2025\/05\/GF-3-300x197.jpg 300w, https:\/\/mice.ba\/wp-content\/uploads\/2025\/05\/GF-3-768x503.jpg 768w\" sizes=\"auto, (max-width: 800px) 100vw, 800px\" \/><\/figure>\n\n\n\n<figure class=\"wp-block-image size-large\"><img loading=\"lazy\" decoding=\"async\" width=\"800\" height=\"524\" data-id=\"3033\" src=\"https:\/\/mice.ba\/wp-content\/uploads\/2025\/05\/gf-6.jpg\" alt=\"\" class=\"wp-image-3033\" srcset=\"https:\/\/mice.ba\/wp-content\/uploads\/2025\/05\/gf-6.jpg 800w, https:\/\/mice.ba\/wp-content\/uploads\/2025\/05\/gf-6-300x197.jpg 300w, https:\/\/mice.ba\/wp-content\/uploads\/2025\/05\/gf-6-768x503.jpg 768w\" sizes=\"auto, (max-width: 800px) 100vw, 800px\" \/><\/figure>\n\n\n\n<figure class=\"wp-block-image size-large\"><img loading=\"lazy\" decoding=\"async\" width=\"800\" height=\"524\" data-id=\"3034\" src=\"https:\/\/mice.ba\/wp-content\/uploads\/2025\/05\/gf-7.jpg\" alt=\"\" class=\"wp-image-3034\" srcset=\"https:\/\/mice.ba\/wp-content\/uploads\/2025\/05\/gf-7.jpg 800w, https:\/\/mice.ba\/wp-content\/uploads\/2025\/05\/gf-7-300x197.jpg 300w, https:\/\/mice.ba\/wp-content\/uploads\/2025\/05\/gf-7-768x503.jpg 768w\" sizes=\"auto, (max-width: 800px) 100vw, 800px\" \/><\/figure>\n<\/figure>\n\n\n\n<h2 class=\"wp-block-heading\">Va\u017enost i zna\u010daj poslovnih evenata za gospodarstvenike<\/h2>\n\n\n\n<p>Poslovni eventi poput Gospodarskog foruma pru\u017eaju platformu za razmjenu ideja, iskustava i najboljih praksi izme\u0111u sektora &#8211; u ovom slu\u010daju izme\u0111u Vlade \u017dZH i gospodarstvenika. Oni omogu\u0107uju identifikaciju zajedni\u010dkih izazova i razvoj strategija za njihovo prevladavanje. Tako\u0111er, ovakvi doga\u0111aji poti\u010du umre\u017eavanje i stvaranje novih poslovnih prilika, \u0161to je klju\u010dno za rast i razvoj gospodarstva.<\/p>\n\n\n\n<p><\/p>\n\n\n\n<h2 class=\"wp-block-heading\">Va\u017enost i zna\u010daj poslovnih evenata za razvoj MICE industrije u destinacijama u BiH<\/h2>\n\n\n\n<p>Organizacija uspje\u0161nih poslovnih doga\u0111anja doprinosi razvoju MICE (Meetings, Incentives, Conferences, Exhibitions) industrije u Bosni i Hercegovini. Takvi eventi pove\u0107avaju vidljivost destinacije, privla\u010de poslovne goste i poti\u010du razvoj lokalne infrastrukture. Uspje\u0161na realizacija Foruma u Ljubu\u0161kom pokazuje potencijal \u017dupanije Zapadnohercegova\u010dke kao atraktivne destinacije za poslovni turizam, \u0161to mo\u017ee imati dugoro\u010dne pozitivne u\u010dinke na lokalno gospodarstvo.<\/p>\n\n\n\n<h2 class=\"wp-block-heading\">MICE.BA \u2013 Va\u0161 partner u organizaciji poslovnih evenata<\/h2>\n\n\n\n<p>Bilo da planirate korporativnu konferenciju, me\u0111unarodni kongres ili gala ve\u010deru, Sarajevo nudi raznovrsne prostore koji udovoljavaju najvi\u0161im standardima poslovne organizacije. Multifunkcionalnost, odli\u010dna prometna povezanost i bogata ponuda smje\u0161taja \u010dine ovaj grad savr\u0161enom pozornicom za poslovne evente. Ako \u017eelite osigurati profesionalnu organizaciju va\u0161eg eventa, prepustite planiranje stru\u010dnom timu agencije MICE.ba \u2013 va\u0161em pouzdanom partneru za MICE usluge u Sarajevu i \u0161irom Bosne i Hercegovine.<\/p>\n\n\n\n<p><br>\ud83d\udce9 josipa@mice.ba | \ud83c\udf10 www.mice.ba<\/p>\n\n\n\n<p>Autorica: <br><a href=\"https:\/\/ba.linkedin.com\/in\/josipaterzicrezic\">Josipa Terzi\u0107 &#8211; Rezi\u0107<\/a>, CIS i CCMEP profesionalna organizatorica poslovnih evenata<br>CIS &#8211; Certified Incentive Specialist od strane SITE &#8211; Society for Incentive Travel Excellence<br>CCMEP &#8211; Certificirani profesionalac u kongresno-incentive-event turizmu od strane Hrvatske udruge kongresnih profesionalaca<\/p>\n","protected":false},"excerpt":{"rendered":"<p>Drugi gospodarski forum \u017dupanije Zapadnohercegova\u010dke na temu \u201eRazvoj gospodarstva i izazovi u 2025. godini\u201c odr\u017ean je 5.2.2025. u Hotelu Bigeste u Ljubu\u0161kom. Ovaj doga\u0111aj je okupio brojne gospodarstvenike, stru\u010dnjake i predstavnike vlasti, s ciljem ja\u010danja suradnje izme\u0111u privatnog sektora i Vlade te razgovora o aktualnim gospodarskim izazovima i prilikama. Agencija MICE.ba sudjeluje u organizaciji Gospodarskog [&hellip;]<\/p>\n","protected":false},"author":1,"featured_media":5405,"comment_status":"closed","ping_status":"closed","sticky":false,"template":"","format":"standard","meta":{"footnotes":""},"categories":[232,236],"tags":[259,245,260],"class_list":["post-5407","post","type-post","status-publish","format-standard","has-post-thumbnail","hentry","category-blog","category-mice-ba-events","tag-gospodarski-forum","tag-poslovni-event","tag-poslovni-forum"],"yoast_head":"<!-- This site is optimized with the Yoast SEO plugin v27.4 - https:\/\/yoast.com\/product\/yoast-seo-wordpress\/ -->\n<title>MICE.BA - key partner in the organization of the Second Economic Forum of the West Herzegovina County - MICE Events<\/title>\n<meta name=\"robots\" content=\"index, follow, max-snippet:-1, max-image-preview:large, max-video-preview:-1\" \/>\n<link rel=\"canonical\" href=\"https:\/\/mice.ba\/en\/2025\/02\/12\/mice-ba-key-partner-in-the-organization-of-the-second-economic-forum-of-the-west-herzegovina-county\/\" \/>\n<meta property=\"og:locale\" content=\"en_US\" \/>\n<meta property=\"og:type\" content=\"article\" \/>\n<meta property=\"og:title\" content=\"MICE.BA - key partner in the organization of the Second Economic Forum of the West Herzegovina County - MICE Events\" \/>\n<meta property=\"og:description\" content=\"Drugi gospodarski forum \u017dupanije Zapadnohercegova\u010dke na temu \u201eRazvoj gospodarstva i izazovi u 2025. godini\u201c odr\u017ean je 5.2.2025. u Hotelu Bigeste u Ljubu\u0161kom. Ovaj doga\u0111aj je okupio brojne gospodarstvenike, stru\u010dnjake i predstavnike vlasti, s ciljem ja\u010danja suradnje izme\u0111u privatnog sektora i Vlade te razgovora o aktualnim gospodarskim izazovima i prilikama. Agencija MICE.ba sudjeluje u organizaciji Gospodarskog [&hellip;]\" \/>\n<meta property=\"og:url\" content=\"https:\/\/mice.ba\/en\/2025\/02\/12\/mice-ba-key-partner-in-the-organization-of-the-second-economic-forum-of-the-west-herzegovina-county\/\" \/>\n<meta property=\"og:site_name\" content=\"MICE Events\" \/>\n<meta property=\"article:publisher\" content=\"https:\/\/www.facebook.com\/aprioribh\/?locale=hr_HR\" \/>\n<meta property=\"article:published_time\" content=\"2025-02-12T11:14:49+00:00\" \/>\n<meta property=\"article:modified_time\" content=\"2025-10-24T17:43:58+00:00\" \/>\n<meta property=\"og:image\" content=\"https:\/\/mice.ba\/wp-content\/uploads\/2025\/05\/gf-8.jpg\" \/>\n\t<meta property=\"og:image:width\" content=\"800\" \/>\n\t<meta property=\"og:image:height\" content=\"524\" \/>\n\t<meta property=\"og:image:type\" content=\"image\/jpeg\" \/>\n<meta name=\"author\" content=\"mox-mice\" \/>\n<meta name=\"twitter:card\" content=\"summary_large_image\" \/>\n<meta name=\"twitter:label1\" content=\"Written by\" \/>\n\t<meta name=\"twitter:data1\" content=\"mox-mice\" \/>\n\t<meta name=\"twitter:label2\" content=\"Est. reading time\" \/>\n\t<meta name=\"twitter:data2\" content=\"4 minutes\" \/>\n<script type=\"application\/ld+json\" class=\"yoast-schema-graph\">{\"@context\":\"https:\\\/\\\/schema.org\",\"@graph\":[{\"@type\":\"Article\",\"@id\":\"https:\\\/\\\/mice.ba\\\/en\\\/2025\\\/02\\\/12\\\/mice-ba-key-partner-in-the-organization-of-the-second-economic-forum-of-the-west-herzegovina-county\\\/#article\",\"isPartOf\":{\"@id\":\"https:\\\/\\\/mice.ba\\\/en\\\/2025\\\/02\\\/12\\\/mice-ba-key-partner-in-the-organization-of-the-second-economic-forum-of-the-west-herzegovina-county\\\/\"},\"author\":{\"name\":\"mox-mice\",\"@id\":\"https:\\\/\\\/mice.ba\\\/en\\\/#\\\/schema\\\/person\\\/babe6e3d27cd6d6f63af3c681d38bcc0\"},\"headline\":\"MICE.BA &#8211; key partner in the organization of the Second Economic Forum of the West Herzegovina County\",\"datePublished\":\"2025-02-12T11:14:49+00:00\",\"dateModified\":\"2025-10-24T17:43:58+00:00\",\"mainEntityOfPage\":{\"@id\":\"https:\\\/\\\/mice.ba\\\/en\\\/2025\\\/02\\\/12\\\/mice-ba-key-partner-in-the-organization-of-the-second-economic-forum-of-the-west-herzegovina-county\\\/\"},\"wordCount\":729,\"publisher\":{\"@id\":\"https:\\\/\\\/mice.ba\\\/en\\\/#organization\"},\"image\":{\"@id\":\"https:\\\/\\\/mice.ba\\\/en\\\/2025\\\/02\\\/12\\\/mice-ba-key-partner-in-the-organization-of-the-second-economic-forum-of-the-west-herzegovina-county\\\/#primaryimage\"},\"thumbnailUrl\":\"https:\\\/\\\/mice.ba\\\/wp-content\\\/uploads\\\/2025\\\/05\\\/gf-8.jpg\",\"keywords\":[\"gospodarski forum\",\"poslovni event\",\"poslovni forum\"],\"articleSection\":[\"Blog\",\"MICE.ba Events\"],\"inLanguage\":\"en-US\"},{\"@type\":\"WebPage\",\"@id\":\"https:\\\/\\\/mice.ba\\\/en\\\/2025\\\/02\\\/12\\\/mice-ba-key-partner-in-the-organization-of-the-second-economic-forum-of-the-west-herzegovina-county\\\/\",\"url\":\"https:\\\/\\\/mice.ba\\\/en\\\/2025\\\/02\\\/12\\\/mice-ba-key-partner-in-the-organization-of-the-second-economic-forum-of-the-west-herzegovina-county\\\/\",\"name\":\"MICE.BA - key partner in the organization of the Second Economic Forum of the West Herzegovina County - MICE Events\",\"isPartOf\":{\"@id\":\"https:\\\/\\\/mice.ba\\\/en\\\/#website\"},\"primaryImageOfPage\":{\"@id\":\"https:\\\/\\\/mice.ba\\\/en\\\/2025\\\/02\\\/12\\\/mice-ba-key-partner-in-the-organization-of-the-second-economic-forum-of-the-west-herzegovina-county\\\/#primaryimage\"},\"image\":{\"@id\":\"https:\\\/\\\/mice.ba\\\/en\\\/2025\\\/02\\\/12\\\/mice-ba-key-partner-in-the-organization-of-the-second-economic-forum-of-the-west-herzegovina-county\\\/#primaryimage\"},\"thumbnailUrl\":\"https:\\\/\\\/mice.ba\\\/wp-content\\\/uploads\\\/2025\\\/05\\\/gf-8.jpg\",\"datePublished\":\"2025-02-12T11:14:49+00:00\",\"dateModified\":\"2025-10-24T17:43:58+00:00\",\"breadcrumb\":{\"@id\":\"https:\\\/\\\/mice.ba\\\/en\\\/2025\\\/02\\\/12\\\/mice-ba-key-partner-in-the-organization-of-the-second-economic-forum-of-the-west-herzegovina-county\\\/#breadcrumb\"},\"inLanguage\":\"en-US\",\"potentialAction\":[{\"@type\":\"ReadAction\",\"target\":[\"https:\\\/\\\/mice.ba\\\/en\\\/2025\\\/02\\\/12\\\/mice-ba-key-partner-in-the-organization-of-the-second-economic-forum-of-the-west-herzegovina-county\\\/\"]}]},{\"@type\":\"ImageObject\",\"inLanguage\":\"en-US\",\"@id\":\"https:\\\/\\\/mice.ba\\\/en\\\/2025\\\/02\\\/12\\\/mice-ba-key-partner-in-the-organization-of-the-second-economic-forum-of-the-west-herzegovina-county\\\/#primaryimage\",\"url\":\"https:\\\/\\\/mice.ba\\\/wp-content\\\/uploads\\\/2025\\\/05\\\/gf-8.jpg\",\"contentUrl\":\"https:\\\/\\\/mice.ba\\\/wp-content\\\/uploads\\\/2025\\\/05\\\/gf-8.jpg\",\"width\":800,\"height\":524},{\"@type\":\"BreadcrumbList\",\"@id\":\"https:\\\/\\\/mice.ba\\\/en\\\/2025\\\/02\\\/12\\\/mice-ba-key-partner-in-the-organization-of-the-second-economic-forum-of-the-west-herzegovina-county\\\/#breadcrumb\",\"itemListElement\":[{\"@type\":\"ListItem\",\"position\":1,\"name\":\"Home\",\"item\":\"https:\\\/\\\/mice.ba\\\/en\\\/\"},{\"@type\":\"ListItem\",\"position\":2,\"name\":\"MICE.BA &#8211; key partner in the organization of the Second Economic Forum of the West Herzegovina County\"}]},{\"@type\":\"WebSite\",\"@id\":\"https:\\\/\\\/mice.ba\\\/en\\\/#website\",\"url\":\"https:\\\/\\\/mice.ba\\\/en\\\/\",\"name\":\"MICE Events\",\"description\":\"Konferencije, kongresi, incentive putovanja\",\"publisher\":{\"@id\":\"https:\\\/\\\/mice.ba\\\/en\\\/#organization\"},\"potentialAction\":[{\"@type\":\"SearchAction\",\"target\":{\"@type\":\"EntryPoint\",\"urlTemplate\":\"https:\\\/\\\/mice.ba\\\/en\\\/?s={search_term_string}\"},\"query-input\":{\"@type\":\"PropertyValueSpecification\",\"valueRequired\":true,\"valueName\":\"search_term_string\"}}],\"inLanguage\":\"en-US\"},{\"@type\":\"Organization\",\"@id\":\"https:\\\/\\\/mice.ba\\\/en\\\/#organization\",\"name\":\"MICE.BA\",\"url\":\"https:\\\/\\\/mice.ba\\\/en\\\/\",\"logo\":{\"@type\":\"ImageObject\",\"inLanguage\":\"en-US\",\"@id\":\"https:\\\/\\\/mice.ba\\\/en\\\/#\\\/schema\\\/logo\\\/image\\\/\",\"url\":\"https:\\\/\\\/mice.ba\\\/wp-content\\\/uploads\\\/2025\\\/10\\\/Logo-MICE-horizontalno-1280-400.jpg\",\"contentUrl\":\"https:\\\/\\\/mice.ba\\\/wp-content\\\/uploads\\\/2025\\\/10\\\/Logo-MICE-horizontalno-1280-400.jpg\",\"width\":1280,\"height\":400,\"caption\":\"MICE.BA\"},\"image\":{\"@id\":\"https:\\\/\\\/mice.ba\\\/en\\\/#\\\/schema\\\/logo\\\/image\\\/\"},\"sameAs\":[\"https:\\\/\\\/www.facebook.com\\\/aprioribh\\\/?locale=hr_HR\",\"https:\\\/\\\/www.instagram.com\\\/mice.bh\\\/\"]},{\"@type\":\"Person\",\"@id\":\"https:\\\/\\\/mice.ba\\\/en\\\/#\\\/schema\\\/person\\\/babe6e3d27cd6d6f63af3c681d38bcc0\",\"name\":\"mox-mice\",\"image\":{\"@type\":\"ImageObject\",\"inLanguage\":\"en-US\",\"@id\":\"https:\\\/\\\/secure.gravatar.com\\\/avatar\\\/fa6ddb56dd9b664daf06009b7b4c0bb123c874f5fd1500f88dfa1999f40730b2?s=96&d=mm&r=g\",\"url\":\"https:\\\/\\\/secure.gravatar.com\\\/avatar\\\/fa6ddb56dd9b664daf06009b7b4c0bb123c874f5fd1500f88dfa1999f40730b2?s=96&d=mm&r=g\",\"contentUrl\":\"https:\\\/\\\/secure.gravatar.com\\\/avatar\\\/fa6ddb56dd9b664daf06009b7b4c0bb123c874f5fd1500f88dfa1999f40730b2?s=96&d=mm&r=g\",\"caption\":\"mox-mice\"},\"sameAs\":[\"https:\\\/\\\/mice.ba\"],\"url\":\"https:\\\/\\\/mice.ba\\\/en\\\/author\\\/mox-mice\\\/\"}]}<\/script>\n<!-- \/ Yoast SEO plugin. -->","yoast_head_json":{"title":"MICE.BA - key partner in the organization of the Second Economic Forum of the West Herzegovina County - MICE Events","robots":{"index":"index","follow":"follow","max-snippet":"max-snippet:-1","max-image-preview":"max-image-preview:large","max-video-preview":"max-video-preview:-1"},"canonical":"https:\/\/mice.ba\/en\/2025\/02\/12\/mice-ba-key-partner-in-the-organization-of-the-second-economic-forum-of-the-west-herzegovina-county\/","og_locale":"en_US","og_type":"article","og_title":"MICE.BA - key partner in the organization of the Second Economic Forum of the West Herzegovina County - MICE Events","og_description":"Drugi gospodarski forum \u017dupanije Zapadnohercegova\u010dke na temu \u201eRazvoj gospodarstva i izazovi u 2025. godini\u201c odr\u017ean je 5.2.2025. u Hotelu Bigeste u Ljubu\u0161kom. Ovaj doga\u0111aj je okupio brojne gospodarstvenike, stru\u010dnjake i predstavnike vlasti, s ciljem ja\u010danja suradnje izme\u0111u privatnog sektora i Vlade te razgovora o aktualnim gospodarskim izazovima i prilikama. Agencija MICE.ba sudjeluje u organizaciji Gospodarskog [&hellip;]","og_url":"https:\/\/mice.ba\/en\/2025\/02\/12\/mice-ba-key-partner-in-the-organization-of-the-second-economic-forum-of-the-west-herzegovina-county\/","og_site_name":"MICE Events","article_publisher":"https:\/\/www.facebook.com\/aprioribh\/?locale=hr_HR","article_published_time":"2025-02-12T11:14:49+00:00","article_modified_time":"2025-10-24T17:43:58+00:00","og_image":[{"width":800,"height":524,"url":"https:\/\/mice.ba\/wp-content\/uploads\/2025\/05\/gf-8.jpg","type":"image\/jpeg"}],"author":"mox-mice","twitter_card":"summary_large_image","twitter_misc":{"Written by":"mox-mice","Est. reading time":"4 minutes"},"schema":{"@context":"https:\/\/schema.org","@graph":[{"@type":"Article","@id":"https:\/\/mice.ba\/en\/2025\/02\/12\/mice-ba-key-partner-in-the-organization-of-the-second-economic-forum-of-the-west-herzegovina-county\/#article","isPartOf":{"@id":"https:\/\/mice.ba\/en\/2025\/02\/12\/mice-ba-key-partner-in-the-organization-of-the-second-economic-forum-of-the-west-herzegovina-county\/"},"author":{"name":"mox-mice","@id":"https:\/\/mice.ba\/en\/#\/schema\/person\/babe6e3d27cd6d6f63af3c681d38bcc0"},"headline":"MICE.BA &#8211; key partner in the organization of the Second Economic Forum of the West Herzegovina County","datePublished":"2025-02-12T11:14:49+00:00","dateModified":"2025-10-24T17:43:58+00:00","mainEntityOfPage":{"@id":"https:\/\/mice.ba\/en\/2025\/02\/12\/mice-ba-key-partner-in-the-organization-of-the-second-economic-forum-of-the-west-herzegovina-county\/"},"wordCount":729,"publisher":{"@id":"https:\/\/mice.ba\/en\/#organization"},"image":{"@id":"https:\/\/mice.ba\/en\/2025\/02\/12\/mice-ba-key-partner-in-the-organization-of-the-second-economic-forum-of-the-west-herzegovina-county\/#primaryimage"},"thumbnailUrl":"https:\/\/mice.ba\/wp-content\/uploads\/2025\/05\/gf-8.jpg","keywords":["gospodarski forum","poslovni event","poslovni forum"],"articleSection":["Blog","MICE.ba Events"],"inLanguage":"en-US"},{"@type":"WebPage","@id":"https:\/\/mice.ba\/en\/2025\/02\/12\/mice-ba-key-partner-in-the-organization-of-the-second-economic-forum-of-the-west-herzegovina-county\/","url":"https:\/\/mice.ba\/en\/2025\/02\/12\/mice-ba-key-partner-in-the-organization-of-the-second-economic-forum-of-the-west-herzegovina-county\/","name":"MICE.BA - key partner in the organization of the Second Economic Forum of the West Herzegovina County - MICE Events","isPartOf":{"@id":"https:\/\/mice.ba\/en\/#website"},"primaryImageOfPage":{"@id":"https:\/\/mice.ba\/en\/2025\/02\/12\/mice-ba-key-partner-in-the-organization-of-the-second-economic-forum-of-the-west-herzegovina-county\/#primaryimage"},"image":{"@id":"https:\/\/mice.ba\/en\/2025\/02\/12\/mice-ba-key-partner-in-the-organization-of-the-second-economic-forum-of-the-west-herzegovina-county\/#primaryimage"},"thumbnailUrl":"https:\/\/mice.ba\/wp-content\/uploads\/2025\/05\/gf-8.jpg","datePublished":"2025-02-12T11:14:49+00:00","dateModified":"2025-10-24T17:43:58+00:00","breadcrumb":{"@id":"https:\/\/mice.ba\/en\/2025\/02\/12\/mice-ba-key-partner-in-the-organization-of-the-second-economic-forum-of-the-west-herzegovina-county\/#breadcrumb"},"inLanguage":"en-US","potentialAction":[{"@type":"ReadAction","target":["https:\/\/mice.ba\/en\/2025\/02\/12\/mice-ba-key-partner-in-the-organization-of-the-second-economic-forum-of-the-west-herzegovina-county\/"]}]},{"@type":"ImageObject","inLanguage":"en-US","@id":"https:\/\/mice.ba\/en\/2025\/02\/12\/mice-ba-key-partner-in-the-organization-of-the-second-economic-forum-of-the-west-herzegovina-county\/#primaryimage","url":"https:\/\/mice.ba\/wp-content\/uploads\/2025\/05\/gf-8.jpg","contentUrl":"https:\/\/mice.ba\/wp-content\/uploads\/2025\/05\/gf-8.jpg","width":800,"height":524},{"@type":"BreadcrumbList","@id":"https:\/\/mice.ba\/en\/2025\/02\/12\/mice-ba-key-partner-in-the-organization-of-the-second-economic-forum-of-the-west-herzegovina-county\/#breadcrumb","itemListElement":[{"@type":"ListItem","position":1,"name":"Home","item":"https:\/\/mice.ba\/en\/"},{"@type":"ListItem","position":2,"name":"MICE.BA &#8211; key partner in the organization of the Second Economic Forum of the West Herzegovina County"}]},{"@type":"WebSite","@id":"https:\/\/mice.ba\/en\/#website","url":"https:\/\/mice.ba\/en\/","name":"MICE Events","description":"Konferencije, kongresi, incentive putovanja","publisher":{"@id":"https:\/\/mice.ba\/en\/#organization"},"potentialAction":[{"@type":"SearchAction","target":{"@type":"EntryPoint","urlTemplate":"https:\/\/mice.ba\/en\/?s={search_term_string}"},"query-input":{"@type":"PropertyValueSpecification","valueRequired":true,"valueName":"search_term_string"}}],"inLanguage":"en-US"},{"@type":"Organization","@id":"https:\/\/mice.ba\/en\/#organization","name":"MICE.BA","url":"https:\/\/mice.ba\/en\/","logo":{"@type":"ImageObject","inLanguage":"en-US","@id":"https:\/\/mice.ba\/en\/#\/schema\/logo\/image\/","url":"https:\/\/mice.ba\/wp-content\/uploads\/2025\/10\/Logo-MICE-horizontalno-1280-400.jpg","contentUrl":"https:\/\/mice.ba\/wp-content\/uploads\/2025\/10\/Logo-MICE-horizontalno-1280-400.jpg","width":1280,"height":400,"caption":"MICE.BA"},"image":{"@id":"https:\/\/mice.ba\/en\/#\/schema\/logo\/image\/"},"sameAs":["https:\/\/www.facebook.com\/aprioribh\/?locale=hr_HR","https:\/\/www.instagram.com\/mice.bh\/"]},{"@type":"Person","@id":"https:\/\/mice.ba\/en\/#\/schema\/person\/babe6e3d27cd6d6f63af3c681d38bcc0","name":"mox-mice","image":{"@type":"ImageObject","inLanguage":"en-US","@id":"https:\/\/secure.gravatar.com\/avatar\/fa6ddb56dd9b664daf06009b7b4c0bb123c874f5fd1500f88dfa1999f40730b2?s=96&d=mm&r=g","url":"https:\/\/secure.gravatar.com\/avatar\/fa6ddb56dd9b664daf06009b7b4c0bb123c874f5fd1500f88dfa1999f40730b2?s=96&d=mm&r=g","contentUrl":"https:\/\/secure.gravatar.com\/avatar\/fa6ddb56dd9b664daf06009b7b4c0bb123c874f5fd1500f88dfa1999f40730b2?s=96&d=mm&r=g","caption":"mox-mice"},"sameAs":["https:\/\/mice.ba"],"url":"https:\/\/mice.ba\/en\/author\/mox-mice\/"}]}},"_links":{"self":[{"href":"https:\/\/mice.ba\/en\/wp-json\/wp\/v2\/posts\/5407","targetHints":{"allow":["GET"]}}],"collection":[{"href":"https:\/\/mice.ba\/en\/wp-json\/wp\/v2\/posts"}],"about":[{"href":"https:\/\/mice.ba\/en\/wp-json\/wp\/v2\/types\/post"}],"author":[{"embeddable":true,"href":"https:\/\/mice.ba\/en\/wp-json\/wp\/v2\/users\/1"}],"replies":[{"embeddable":true,"href":"https:\/\/mice.ba\/en\/wp-json\/wp\/v2\/comments?post=5407"}],"version-history":[{"count":2,"href":"https:\/\/mice.ba\/en\/wp-json\/wp\/v2\/posts\/5407\/revisions"}],"predecessor-version":[{"id":5411,"href":"https:\/\/mice.ba\/en\/wp-json\/wp\/v2\/posts\/5407\/revisions\/5411"}],"wp:featuredmedia":[{"embeddable":true,"href":"https:\/\/mice.ba\/en\/wp-json\/wp\/v2\/media\/5405"}],"wp:attachment":[{"href":"https:\/\/mice.ba\/en\/wp-json\/wp\/v2\/media?parent=5407"}],"wp:term":[{"taxonomy":"category","embeddable":true,"href":"https:\/\/mice.ba\/en\/wp-json\/wp\/v2\/categories?post=5407"},{"taxonomy":"post_tag","embeddable":true,"href":"https:\/\/mice.ba\/en\/wp-json\/wp\/v2\/tags?post=5407"}],"curies":[{"name":"wp","href":"https:\/\/api.w.org\/{rel}","templated":true}]}}