{"id":5360,"date":"2023-10-17T18:11:48","date_gmt":"2023-10-17T18:11:48","guid":{"rendered":"https:\/\/mice.ba\/2023\/10\/17\/kulturna-ruta-franciscana-okrugli-stol-o-promociji-kulturno-povijesne-bastine-franjevaca\/"},"modified":"2025-10-24T17:37:50","modified_gmt":"2025-10-24T17:37:50","slug":"round-table-on-the-promotion-of-the-cultural-and-historical-heritage-of-the-franciscans","status":"publish","type":"post","link":"https:\/\/mice.ba\/en\/2023\/10\/17\/round-table-on-the-promotion-of-the-cultural-and-historical-heritage-of-the-franciscans\/","title":{"rendered":"Round table on the promotion of the cultural and historical heritage of the Franciscans"},"content":{"rendered":"\n<p>Agencija MICE.BA bila je zadu\u017eena i po\u010da\u0161\u0107ena za organizaciju okruglog stola pod nazivom &#8220;O\u010duvanje i promocija franjeva\u010dke materijalne i nematerijalne kulturno-povijesne ba\u0161tine kroz razvoj i promociju Kulturne rute FRANCISCANA&#8221;. Okrugli stol je organiziran u okviru 3. Me\u0111unarodne konferencije posve\u0107ene digitalizaciji, arhiviranju, o\u010duvanju i promociji nematerijalne kulturne ba\u0161tine. Konferencija se odr\u017eala pod pokroviteljstvom UNESCO ureda u BiH.<\/p>\n\n\n\n<h2 class=\"wp-block-heading\">MICE.BA agencija je preuzela sljede\u0107e zadatke:<\/h2>\n\n\n\n<ul class=\"wp-block-list\">\n<li>Priprema i odabir mjesta odr\u017eavanja<\/li>\n\n\n\n<li>Upravljanje tehni\u010dkim i zabavnim segmentom doga\u0111aja<\/li>\n\n\n\n<li>Prijem gostiju, raspored smje\u0161taja i priprema sudionika za doga\u0111aj<\/li>\n\n\n\n<li>PR i medijska promocija eventa<\/li>\n\n\n\n<li>Anga\u017eiranje profesionalnog fotografa<\/li>\n\n\n\n<li>Osiguranje hrane i pi\u0107a<\/li>\n<\/ul>\n\n\n\n<figure class=\"wp-block-gallery has-nested-images columns-default is-cropped wp-block-gallery-1 is-layout-flex wp-block-gallery-is-layout-flex\">\n<figure class=\"wp-block-image size-large\"><img loading=\"lazy\" decoding=\"async\" width=\"1024\" height=\"768\" data-id=\"2119\" src=\"https:\/\/mice.ba\/wp-content\/uploads\/2024\/03\/Franciscana-1-1024x768.jpg\" alt=\"\" class=\"wp-image-2119\" srcset=\"https:\/\/mice.ba\/wp-content\/uploads\/2024\/03\/Franciscana-1-1024x768.jpg 1024w, https:\/\/mice.ba\/wp-content\/uploads\/2024\/03\/Franciscana-1-300x225.jpg 300w, https:\/\/mice.ba\/wp-content\/uploads\/2024\/03\/Franciscana-1-768x576.jpg 768w, https:\/\/mice.ba\/wp-content\/uploads\/2024\/03\/Franciscana-1-1536x1152.jpg 1536w, https:\/\/mice.ba\/wp-content\/uploads\/2024\/03\/Franciscana-1.jpg 2000w\" sizes=\"auto, (max-width: 1024px) 100vw, 1024px\" \/><\/figure>\n\n\n\n<figure class=\"wp-block-image size-large\"><img loading=\"lazy\" decoding=\"async\" width=\"1024\" height=\"768\" data-id=\"2120\" src=\"https:\/\/mice.ba\/wp-content\/uploads\/2024\/03\/Franciscana-2-1024x768.jpg\" alt=\"\" class=\"wp-image-2120\" srcset=\"https:\/\/mice.ba\/wp-content\/uploads\/2024\/03\/Franciscana-2-1024x768.jpg 1024w, https:\/\/mice.ba\/wp-content\/uploads\/2024\/03\/Franciscana-2-300x225.jpg 300w, https:\/\/mice.ba\/wp-content\/uploads\/2024\/03\/Franciscana-2-768x576.jpg 768w, https:\/\/mice.ba\/wp-content\/uploads\/2024\/03\/Franciscana-2-1536x1152.jpg 1536w, https:\/\/mice.ba\/wp-content\/uploads\/2024\/03\/Franciscana-2-2048x1536.jpg 2048w\" sizes=\"auto, (max-width: 1024px) 100vw, 1024px\" \/><\/figure>\n<\/figure>\n\n\n\n<p><strong>Naziv eventa:<\/strong> &#8220;O\u010duvanje i promocija franjeva\u010dke kulturno-povijesne ba\u0161tine kroz razvoj Kulturne rute FRANCISCANA&#8221;<br><strong>Partner u organizaciji eventa:<\/strong> Ured za europske integracije Vlade Zapadnohercegova\u010dke \u017eupanije anga\u017eirao je agenciju MICE.BA za organizaciju foruma<br><strong>Tip eventa: <\/strong>Interaktivni okrugli stol s uvodnim predavanjem, panel diskusijom i prezentacijom projekta<br><strong>Lokacija: <\/strong>Akademija likovnih umjetnosti, \u0160iroki Brijeg, Bosna i Hercegovina<br><strong>Datum doga\u0111aja:<\/strong> 19.10.2023.<br><strong>Broj sudionika: <\/strong>Vi\u0161e od 90 prisutnih, uklju\u010duju\u0107i franjevce iz BiH, predstavnike vladinih institucija, privatne tvrtke iz turisti\u010dkog sektora te stru\u010dnjake za kulturno-povijesnu ba\u0161tinu<br><strong>Projekt je financiran od strane:<\/strong> Ministarstvo regionalnog razvoja i fondova EU RH, putem programa prekograni\u010dne suradnje Hrvatska-BiH.<\/p>\n\n\n\n<figure class=\"wp-block-gallery has-nested-images columns-default is-cropped wp-block-gallery-2 is-layout-flex wp-block-gallery-is-layout-flex\">\n<figure class=\"wp-block-image size-large\"><img loading=\"lazy\" decoding=\"async\" width=\"1024\" height=\"683\" data-id=\"1894\" src=\"https:\/\/mice.ba\/wp-content\/uploads\/2024\/03\/Predrag-Covic-Okrugli-stol-Franciscana-Siroki-Brijeg-19.10.2023-1-1024x683.jpg\" alt=\"Predrag \u010covi\u0107, predsjednik Vlade \u017eupanije Zapadnohercegova\u010dke dr\u017ei pozdravni govor na okruglom stolu o promociji kulturno - povijesne ba\u0161tine franjevaca\" class=\"wp-image-1894\" srcset=\"https:\/\/mice.ba\/wp-content\/uploads\/2024\/03\/Predrag-Covic-Okrugli-stol-Franciscana-Siroki-Brijeg-19.10.2023-1-1024x683.jpg 1024w, https:\/\/mice.ba\/wp-content\/uploads\/2024\/03\/Predrag-Covic-Okrugli-stol-Franciscana-Siroki-Brijeg-19.10.2023-1-300x200.jpg 300w, https:\/\/mice.ba\/wp-content\/uploads\/2024\/03\/Predrag-Covic-Okrugli-stol-Franciscana-Siroki-Brijeg-19.10.2023-1-768x512.jpg 768w, https:\/\/mice.ba\/wp-content\/uploads\/2024\/03\/Predrag-Covic-Okrugli-stol-Franciscana-Siroki-Brijeg-19.10.2023-1-1536x1025.jpg 1536w, https:\/\/mice.ba\/wp-content\/uploads\/2024\/03\/Predrag-Covic-Okrugli-stol-Franciscana-Siroki-Brijeg-19.10.2023-1.jpg 2048w\" sizes=\"auto, (max-width: 1024px) 100vw, 1024px\" \/><\/figure>\n\n\n\n<figure class=\"wp-block-image size-large\"><img loading=\"lazy\" decoding=\"async\" width=\"1024\" height=\"683\" data-id=\"1892\" src=\"https:\/\/mice.ba\/wp-content\/uploads\/2024\/03\/Okrugli-stol-Franciscana-Siroki-Brijeg-19.10.2023-1-1024x683.jpg\" alt=\"Zajedni\u010dka fotografija organizatora Ured vlade \u017dupanije Zapadnohercegova\u010dke s hercegova\u010dkim franjevcima\" class=\"wp-image-1892\" srcset=\"https:\/\/mice.ba\/wp-content\/uploads\/2024\/03\/Okrugli-stol-Franciscana-Siroki-Brijeg-19.10.2023-1-1024x683.jpg 1024w, https:\/\/mice.ba\/wp-content\/uploads\/2024\/03\/Okrugli-stol-Franciscana-Siroki-Brijeg-19.10.2023-1-300x200.jpg 300w, https:\/\/mice.ba\/wp-content\/uploads\/2024\/03\/Okrugli-stol-Franciscana-Siroki-Brijeg-19.10.2023-1-768x512.jpg 768w, https:\/\/mice.ba\/wp-content\/uploads\/2024\/03\/Okrugli-stol-Franciscana-Siroki-Brijeg-19.10.2023-1-1536x1025.jpg 1536w, https:\/\/mice.ba\/wp-content\/uploads\/2024\/03\/Okrugli-stol-Franciscana-Siroki-Brijeg-19.10.2023-1.jpg 2048w\" sizes=\"auto, (max-width: 1024px) 100vw, 1024px\" \/><\/figure>\n\n\n\n<figure class=\"wp-block-image size-large\"><img loading=\"lazy\" decoding=\"async\" width=\"1024\" height=\"683\" data-id=\"1893\" src=\"https:\/\/mice.ba\/wp-content\/uploads\/2024\/03\/Okrugli-stol-Franciscana-sudionici-Siroki-Brijeg-19.10.2023-1-1024x683.jpg\" alt=\"Sudionici okruglog stola o promociji kulturno - povijesne ba\u0161tine franjevaca na akademiji Likovnih umjetnosti na \u0160irokom Brijegu\" class=\"wp-image-1893\" srcset=\"https:\/\/mice.ba\/wp-content\/uploads\/2024\/03\/Okrugli-stol-Franciscana-sudionici-Siroki-Brijeg-19.10.2023-1-1024x683.jpg 1024w, https:\/\/mice.ba\/wp-content\/uploads\/2024\/03\/Okrugli-stol-Franciscana-sudionici-Siroki-Brijeg-19.10.2023-1-300x200.jpg 300w, https:\/\/mice.ba\/wp-content\/uploads\/2024\/03\/Okrugli-stol-Franciscana-sudionici-Siroki-Brijeg-19.10.2023-1-768x512.jpg 768w, https:\/\/mice.ba\/wp-content\/uploads\/2024\/03\/Okrugli-stol-Franciscana-sudionici-Siroki-Brijeg-19.10.2023-1-1536x1025.jpg 1536w, https:\/\/mice.ba\/wp-content\/uploads\/2024\/03\/Okrugli-stol-Franciscana-sudionici-Siroki-Brijeg-19.10.2023-1.jpg 2048w\" sizes=\"auto, (max-width: 1024px) 100vw, 1024px\" \/><\/figure>\n<\/figure>\n\n\n\n<h2 class=\"wp-block-heading\">U programu okruglog stola sudjelovali su:<\/h2>\n\n\n\n<ul class=\"wp-block-list\">\n<li>Pozdravni govori: moderator: <strong>Ivan Jurilj<\/strong>, ravnatelj Ureda za europske integracije \u017dZH, <strong>Predrag \u010covi\u0107<\/strong>, Predsjednik Vlade \u017dZH, <strong>Nikola Dobroslavi\u0107<\/strong>, \u017dupan Dubrova\u010dko-Neretvanski, <strong>Biljana \u010camur Veselinovi\u0107<\/strong>, tajnik Ministarstva civilnih poslova BiH, <strong>\u0160ime Erli\u0107<\/strong>, Ministar regionalnog razvoja i fondova EU RH<\/li>\n\n\n\n<li>Uvodno izlaganje na temu \u201cInterpretacija kulturno povijesne ba\u0161tine kroz razvoj i promociju kulturnih ruta\u201d, uvodni\u010dar <strong>Dubravko Fija\u010dko<\/strong>, licencirani trener interpretacije by Interpret Europe<\/li>\n\n\n\n<li>Panel rasprava na temu \u201cFranjeva\u010dka kulturno povijesna ba\u0161tina u funkciji razvoja turizma i o\u010duvanja identiteta\u201d, uvodni\u010dari: <strong>Fra Jozo Grbe\u0161<\/strong>, provincijal Hercegova\u010dke Franjeva\u010dke provincije Uznesenja BDM, <strong>Fra Zdravko Dadi\u0107<\/strong>, provincijal Franjeva\u010dke provincije sv. Kri\u017ea-Bosna Srebrena, mag. archeol. <strong>Maja Soldo<\/strong>, ravnateljica Zavoda za za\u0161titu. Moderatorica mr.sc. <strong>Dijana Katica<\/strong>, direktorica projekta europske kulturne rute Iter Vitis Route za Hrvatsku i predsjednica Hrvatske udruge za turizam i ruralni razvoj \u201eKlub \u010dlanova Selo\u201c<\/li>\n\n\n\n<li>Predstavljanje projekta \u201eKulturna ruta Franciscana\u201c, predava\u010d <strong>Ivan Jurilj<\/strong>, ravnatelj Ureda za europske integracije \u017dZH<\/li>\n<\/ul>\n\n\n\n<p>Jedna od klju\u010dnih tema na panel diskusiji je bila nu\u017enost i va\u017enost o\u010duvanja i promocije franjeva\u010dke kulturne povijesne ba\u0161tine kroz razvoj i promociju kulturne rute FRANCISCANA. Ova ruta povezuje franjeva\u010dke samostane, sveti\u0161ta i kulturne institucije poput muzeja, galerija i knji\u017enica. Kulturna ruta FRANCISCANA ima veliki potencijal za nominaciju kao presti\u017ena kulturna ruta Vije\u0107a Europe.<\/p>\n\n\n\n<p>Nakon zavr\u0161etka doga\u0111aja, sudionici su uz doma\u0107u hranu koju je pripremio hotel Bigeste u\u017eivali u zajedni\u010dkom ru\u010dku i dru\u017eenju u prelijepom ambijentu Akademije likovnih umjetnosti u \u0160irokom Brijegu.<\/p>\n\n\n\n<p><\/p>\n\n\n\n<p>Autorica: <br><a href=\"https:\/\/ba.linkedin.com\/in\/josipaterzicrezic\">Josipa Terzi\u0107 &#8211; Rezi\u0107<\/a>, CIS i CCMEP profesionalna organizatorica poslovnih evenata<br>CIS &#8211; Certified Incentive Specialist od strane SITE &#8211; Society for Incentive Travel Excellence<br>CCMEP &#8211; Certificirani profesionalac u kongresno-incentive-event turizmu od strane Hrvatske udruge kongresnih profesionalaca<\/p>\n","protected":false},"excerpt":{"rendered":"<p>Agencija MICE.BA bila je zadu\u017eena i po\u010da\u0161\u0107ena za organizaciju okruglog stola pod nazivom &#8220;O\u010duvanje i promocija franjeva\u010dke materijalne i nematerijalne kulturno-povijesne ba\u0161tine kroz razvoj i promociju Kulturne rute FRANCISCANA&#8221;. Okrugli stol je organiziran u okviru 3. Me\u0111unarodne konferencije posve\u0107ene digitalizaciji, arhiviranju, o\u010duvanju i promociji nematerijalne kulturne ba\u0161tine. Konferencija se odr\u017eala pod pokroviteljstvom UNESCO ureda u [&hellip;]<\/p>\n","protected":false},"author":1,"featured_media":0,"comment_status":"closed","ping_status":"closed","sticky":false,"template":"","format":"standard","meta":{"footnotes":""},"categories":[232,236],"tags":[257,258],"class_list":["post-5360","post","type-post","status-publish","format-standard","hentry","category-blog","category-mice-ba-events","tag-okrugli-stol","tag-poslovni-eventi"],"yoast_head":"<!-- This site is optimized with the Yoast SEO plugin v27.5 - https:\/\/yoast.com\/product\/yoast-seo-wordpress\/ -->\n<title>Round table on the promotion of the cultural and historical heritage of the Franciscans - MICE Events<\/title>\n<meta name=\"robots\" content=\"index, follow, max-snippet:-1, max-image-preview:large, max-video-preview:-1\" \/>\n<link rel=\"canonical\" href=\"https:\/\/mice.ba\/en\/2023\/10\/17\/round-table-on-the-promotion-of-the-cultural-and-historical-heritage-of-the-franciscans\/\" \/>\n<meta property=\"og:locale\" content=\"en_US\" \/>\n<meta property=\"og:type\" content=\"article\" \/>\n<meta property=\"og:title\" content=\"Round table on the promotion of the cultural and historical heritage of the Franciscans - MICE Events\" \/>\n<meta property=\"og:description\" content=\"Agencija MICE.BA bila je zadu\u017eena i po\u010da\u0161\u0107ena za organizaciju okruglog stola pod nazivom &#8220;O\u010duvanje i promocija franjeva\u010dke materijalne i nematerijalne kulturno-povijesne ba\u0161tine kroz razvoj i promociju Kulturne rute FRANCISCANA&#8221;. Okrugli stol je organiziran u okviru 3. Me\u0111unarodne konferencije posve\u0107ene digitalizaciji, arhiviranju, o\u010duvanju i promociji nematerijalne kulturne ba\u0161tine. Konferencija se odr\u017eala pod pokroviteljstvom UNESCO ureda u [&hellip;]\" \/>\n<meta property=\"og:url\" content=\"https:\/\/mice.ba\/en\/2023\/10\/17\/round-table-on-the-promotion-of-the-cultural-and-historical-heritage-of-the-franciscans\/\" \/>\n<meta property=\"og:site_name\" content=\"MICE Events\" \/>\n<meta property=\"article:publisher\" content=\"https:\/\/www.facebook.com\/aprioribh\/?locale=hr_HR\" \/>\n<meta property=\"article:published_time\" content=\"2023-10-17T18:11:48+00:00\" \/>\n<meta property=\"article:modified_time\" content=\"2025-10-24T17:37:50+00:00\" \/>\n<meta property=\"og:image\" content=\"https:\/\/mice.ba\/wp-content\/uploads\/2024\/03\/Franciscana-1.jpg\" \/>\n\t<meta property=\"og:image:width\" content=\"2000\" \/>\n\t<meta property=\"og:image:height\" content=\"1500\" \/>\n\t<meta property=\"og:image:type\" content=\"image\/jpeg\" \/>\n<meta name=\"author\" content=\"mox-mice\" \/>\n<meta name=\"twitter:card\" content=\"summary_large_image\" \/>\n<meta name=\"twitter:label1\" content=\"Written by\" \/>\n\t<meta name=\"twitter:data1\" content=\"mox-mice\" \/>\n\t<meta name=\"twitter:label2\" content=\"Est. reading time\" \/>\n\t<meta name=\"twitter:data2\" content=\"3 minutes\" \/>\n<script type=\"application\/ld+json\" class=\"yoast-schema-graph\">{\"@context\":\"https:\\\/\\\/schema.org\",\"@graph\":[{\"@type\":\"Article\",\"@id\":\"https:\\\/\\\/mice.ba\\\/en\\\/2023\\\/10\\\/17\\\/round-table-on-the-promotion-of-the-cultural-and-historical-heritage-of-the-franciscans\\\/#article\",\"isPartOf\":{\"@id\":\"https:\\\/\\\/mice.ba\\\/en\\\/2023\\\/10\\\/17\\\/round-table-on-the-promotion-of-the-cultural-and-historical-heritage-of-the-franciscans\\\/\"},\"author\":{\"name\":\"mox-mice\",\"@id\":\"https:\\\/\\\/mice.ba\\\/en\\\/#\\\/schema\\\/person\\\/babe6e3d27cd6d6f63af3c681d38bcc0\"},\"headline\":\"Round table on the promotion of the cultural and historical heritage of the Franciscans\",\"datePublished\":\"2023-10-17T18:11:48+00:00\",\"dateModified\":\"2025-10-24T17:37:50+00:00\",\"mainEntityOfPage\":{\"@id\":\"https:\\\/\\\/mice.ba\\\/en\\\/2023\\\/10\\\/17\\\/round-table-on-the-promotion-of-the-cultural-and-historical-heritage-of-the-franciscans\\\/\"},\"wordCount\":535,\"publisher\":{\"@id\":\"https:\\\/\\\/mice.ba\\\/en\\\/#organization\"},\"image\":{\"@id\":\"https:\\\/\\\/mice.ba\\\/en\\\/2023\\\/10\\\/17\\\/round-table-on-the-promotion-of-the-cultural-and-historical-heritage-of-the-franciscans\\\/#primaryimage\"},\"thumbnailUrl\":\"https:\\\/\\\/mice.ba\\\/wp-content\\\/uploads\\\/2024\\\/03\\\/Franciscana-1-1024x768.jpg\",\"keywords\":[\"Okrugli stol\",\"poslovni eventi\"],\"articleSection\":[\"Blog\",\"MICE.ba Events\"],\"inLanguage\":\"en-US\"},{\"@type\":\"WebPage\",\"@id\":\"https:\\\/\\\/mice.ba\\\/en\\\/2023\\\/10\\\/17\\\/round-table-on-the-promotion-of-the-cultural-and-historical-heritage-of-the-franciscans\\\/\",\"url\":\"https:\\\/\\\/mice.ba\\\/en\\\/2023\\\/10\\\/17\\\/round-table-on-the-promotion-of-the-cultural-and-historical-heritage-of-the-franciscans\\\/\",\"name\":\"Round table on the promotion of the cultural and historical heritage of the Franciscans - MICE Events\",\"isPartOf\":{\"@id\":\"https:\\\/\\\/mice.ba\\\/en\\\/#website\"},\"primaryImageOfPage\":{\"@id\":\"https:\\\/\\\/mice.ba\\\/en\\\/2023\\\/10\\\/17\\\/round-table-on-the-promotion-of-the-cultural-and-historical-heritage-of-the-franciscans\\\/#primaryimage\"},\"image\":{\"@id\":\"https:\\\/\\\/mice.ba\\\/en\\\/2023\\\/10\\\/17\\\/round-table-on-the-promotion-of-the-cultural-and-historical-heritage-of-the-franciscans\\\/#primaryimage\"},\"thumbnailUrl\":\"https:\\\/\\\/mice.ba\\\/wp-content\\\/uploads\\\/2024\\\/03\\\/Franciscana-1-1024x768.jpg\",\"datePublished\":\"2023-10-17T18:11:48+00:00\",\"dateModified\":\"2025-10-24T17:37:50+00:00\",\"breadcrumb\":{\"@id\":\"https:\\\/\\\/mice.ba\\\/en\\\/2023\\\/10\\\/17\\\/round-table-on-the-promotion-of-the-cultural-and-historical-heritage-of-the-franciscans\\\/#breadcrumb\"},\"inLanguage\":\"en-US\",\"potentialAction\":[{\"@type\":\"ReadAction\",\"target\":[\"https:\\\/\\\/mice.ba\\\/en\\\/2023\\\/10\\\/17\\\/round-table-on-the-promotion-of-the-cultural-and-historical-heritage-of-the-franciscans\\\/\"]}]},{\"@type\":\"ImageObject\",\"inLanguage\":\"en-US\",\"@id\":\"https:\\\/\\\/mice.ba\\\/en\\\/2023\\\/10\\\/17\\\/round-table-on-the-promotion-of-the-cultural-and-historical-heritage-of-the-franciscans\\\/#primaryimage\",\"url\":\"https:\\\/\\\/mice.ba\\\/wp-content\\\/uploads\\\/2024\\\/03\\\/Franciscana-1-1024x768.jpg\",\"contentUrl\":\"https:\\\/\\\/mice.ba\\\/wp-content\\\/uploads\\\/2024\\\/03\\\/Franciscana-1-1024x768.jpg\"},{\"@type\":\"BreadcrumbList\",\"@id\":\"https:\\\/\\\/mice.ba\\\/en\\\/2023\\\/10\\\/17\\\/round-table-on-the-promotion-of-the-cultural-and-historical-heritage-of-the-franciscans\\\/#breadcrumb\",\"itemListElement\":[{\"@type\":\"ListItem\",\"position\":1,\"name\":\"Home\",\"item\":\"https:\\\/\\\/mice.ba\\\/en\\\/\"},{\"@type\":\"ListItem\",\"position\":2,\"name\":\"Round table on the promotion of the cultural and historical heritage of the Franciscans\"}]},{\"@type\":\"WebSite\",\"@id\":\"https:\\\/\\\/mice.ba\\\/en\\\/#website\",\"url\":\"https:\\\/\\\/mice.ba\\\/en\\\/\",\"name\":\"MICE Events\",\"description\":\"Konferencije, kongresi, incentive putovanja\",\"publisher\":{\"@id\":\"https:\\\/\\\/mice.ba\\\/en\\\/#organization\"},\"potentialAction\":[{\"@type\":\"SearchAction\",\"target\":{\"@type\":\"EntryPoint\",\"urlTemplate\":\"https:\\\/\\\/mice.ba\\\/en\\\/?s={search_term_string}\"},\"query-input\":{\"@type\":\"PropertyValueSpecification\",\"valueRequired\":true,\"valueName\":\"search_term_string\"}}],\"inLanguage\":\"en-US\"},{\"@type\":\"Organization\",\"@id\":\"https:\\\/\\\/mice.ba\\\/en\\\/#organization\",\"name\":\"MICE.BA\",\"url\":\"https:\\\/\\\/mice.ba\\\/en\\\/\",\"logo\":{\"@type\":\"ImageObject\",\"inLanguage\":\"en-US\",\"@id\":\"https:\\\/\\\/mice.ba\\\/en\\\/#\\\/schema\\\/logo\\\/image\\\/\",\"url\":\"https:\\\/\\\/mice.ba\\\/wp-content\\\/uploads\\\/2025\\\/10\\\/Logo-MICE-horizontalno-1280-400.jpg\",\"contentUrl\":\"https:\\\/\\\/mice.ba\\\/wp-content\\\/uploads\\\/2025\\\/10\\\/Logo-MICE-horizontalno-1280-400.jpg\",\"width\":1280,\"height\":400,\"caption\":\"MICE.BA\"},\"image\":{\"@id\":\"https:\\\/\\\/mice.ba\\\/en\\\/#\\\/schema\\\/logo\\\/image\\\/\"},\"sameAs\":[\"https:\\\/\\\/www.facebook.com\\\/aprioribh\\\/?locale=hr_HR\",\"https:\\\/\\\/www.instagram.com\\\/mice.bh\\\/\"]},{\"@type\":\"Person\",\"@id\":\"https:\\\/\\\/mice.ba\\\/en\\\/#\\\/schema\\\/person\\\/babe6e3d27cd6d6f63af3c681d38bcc0\",\"name\":\"mox-mice\",\"image\":{\"@type\":\"ImageObject\",\"inLanguage\":\"en-US\",\"@id\":\"https:\\\/\\\/secure.gravatar.com\\\/avatar\\\/fa6ddb56dd9b664daf06009b7b4c0bb123c874f5fd1500f88dfa1999f40730b2?s=96&d=mm&r=g\",\"url\":\"https:\\\/\\\/secure.gravatar.com\\\/avatar\\\/fa6ddb56dd9b664daf06009b7b4c0bb123c874f5fd1500f88dfa1999f40730b2?s=96&d=mm&r=g\",\"contentUrl\":\"https:\\\/\\\/secure.gravatar.com\\\/avatar\\\/fa6ddb56dd9b664daf06009b7b4c0bb123c874f5fd1500f88dfa1999f40730b2?s=96&d=mm&r=g\",\"caption\":\"mox-mice\"},\"sameAs\":[\"https:\\\/\\\/mice.ba\"],\"url\":\"https:\\\/\\\/mice.ba\\\/en\\\/author\\\/mox-mice\\\/\"}]}<\/script>\n<!-- \/ Yoast SEO plugin. -->","yoast_head_json":{"title":"Round table on the promotion of the cultural and historical heritage of the Franciscans - MICE Events","robots":{"index":"index","follow":"follow","max-snippet":"max-snippet:-1","max-image-preview":"max-image-preview:large","max-video-preview":"max-video-preview:-1"},"canonical":"https:\/\/mice.ba\/en\/2023\/10\/17\/round-table-on-the-promotion-of-the-cultural-and-historical-heritage-of-the-franciscans\/","og_locale":"en_US","og_type":"article","og_title":"Round table on the promotion of the cultural and historical heritage of the Franciscans - MICE Events","og_description":"Agencija MICE.BA bila je zadu\u017eena i po\u010da\u0161\u0107ena za organizaciju okruglog stola pod nazivom &#8220;O\u010duvanje i promocija franjeva\u010dke materijalne i nematerijalne kulturno-povijesne ba\u0161tine kroz razvoj i promociju Kulturne rute FRANCISCANA&#8221;. Okrugli stol je organiziran u okviru 3. Me\u0111unarodne konferencije posve\u0107ene digitalizaciji, arhiviranju, o\u010duvanju i promociji nematerijalne kulturne ba\u0161tine. Konferencija se odr\u017eala pod pokroviteljstvom UNESCO ureda u [&hellip;]","og_url":"https:\/\/mice.ba\/en\/2023\/10\/17\/round-table-on-the-promotion-of-the-cultural-and-historical-heritage-of-the-franciscans\/","og_site_name":"MICE Events","article_publisher":"https:\/\/www.facebook.com\/aprioribh\/?locale=hr_HR","article_published_time":"2023-10-17T18:11:48+00:00","article_modified_time":"2025-10-24T17:37:50+00:00","og_image":[{"width":2000,"height":1500,"url":"https:\/\/mice.ba\/wp-content\/uploads\/2024\/03\/Franciscana-1.jpg","type":"image\/jpeg"}],"author":"mox-mice","twitter_card":"summary_large_image","twitter_misc":{"Written by":"mox-mice","Est. reading time":"3 minutes"},"schema":{"@context":"https:\/\/schema.org","@graph":[{"@type":"Article","@id":"https:\/\/mice.ba\/en\/2023\/10\/17\/round-table-on-the-promotion-of-the-cultural-and-historical-heritage-of-the-franciscans\/#article","isPartOf":{"@id":"https:\/\/mice.ba\/en\/2023\/10\/17\/round-table-on-the-promotion-of-the-cultural-and-historical-heritage-of-the-franciscans\/"},"author":{"name":"mox-mice","@id":"https:\/\/mice.ba\/en\/#\/schema\/person\/babe6e3d27cd6d6f63af3c681d38bcc0"},"headline":"Round table on the promotion of the cultural and historical heritage of the Franciscans","datePublished":"2023-10-17T18:11:48+00:00","dateModified":"2025-10-24T17:37:50+00:00","mainEntityOfPage":{"@id":"https:\/\/mice.ba\/en\/2023\/10\/17\/round-table-on-the-promotion-of-the-cultural-and-historical-heritage-of-the-franciscans\/"},"wordCount":535,"publisher":{"@id":"https:\/\/mice.ba\/en\/#organization"},"image":{"@id":"https:\/\/mice.ba\/en\/2023\/10\/17\/round-table-on-the-promotion-of-the-cultural-and-historical-heritage-of-the-franciscans\/#primaryimage"},"thumbnailUrl":"https:\/\/mice.ba\/wp-content\/uploads\/2024\/03\/Franciscana-1-1024x768.jpg","keywords":["Okrugli stol","poslovni eventi"],"articleSection":["Blog","MICE.ba Events"],"inLanguage":"en-US"},{"@type":"WebPage","@id":"https:\/\/mice.ba\/en\/2023\/10\/17\/round-table-on-the-promotion-of-the-cultural-and-historical-heritage-of-the-franciscans\/","url":"https:\/\/mice.ba\/en\/2023\/10\/17\/round-table-on-the-promotion-of-the-cultural-and-historical-heritage-of-the-franciscans\/","name":"Round table on the promotion of the cultural and historical heritage of the Franciscans - MICE Events","isPartOf":{"@id":"https:\/\/mice.ba\/en\/#website"},"primaryImageOfPage":{"@id":"https:\/\/mice.ba\/en\/2023\/10\/17\/round-table-on-the-promotion-of-the-cultural-and-historical-heritage-of-the-franciscans\/#primaryimage"},"image":{"@id":"https:\/\/mice.ba\/en\/2023\/10\/17\/round-table-on-the-promotion-of-the-cultural-and-historical-heritage-of-the-franciscans\/#primaryimage"},"thumbnailUrl":"https:\/\/mice.ba\/wp-content\/uploads\/2024\/03\/Franciscana-1-1024x768.jpg","datePublished":"2023-10-17T18:11:48+00:00","dateModified":"2025-10-24T17:37:50+00:00","breadcrumb":{"@id":"https:\/\/mice.ba\/en\/2023\/10\/17\/round-table-on-the-promotion-of-the-cultural-and-historical-heritage-of-the-franciscans\/#breadcrumb"},"inLanguage":"en-US","potentialAction":[{"@type":"ReadAction","target":["https:\/\/mice.ba\/en\/2023\/10\/17\/round-table-on-the-promotion-of-the-cultural-and-historical-heritage-of-the-franciscans\/"]}]},{"@type":"ImageObject","inLanguage":"en-US","@id":"https:\/\/mice.ba\/en\/2023\/10\/17\/round-table-on-the-promotion-of-the-cultural-and-historical-heritage-of-the-franciscans\/#primaryimage","url":"https:\/\/mice.ba\/wp-content\/uploads\/2024\/03\/Franciscana-1-1024x768.jpg","contentUrl":"https:\/\/mice.ba\/wp-content\/uploads\/2024\/03\/Franciscana-1-1024x768.jpg"},{"@type":"BreadcrumbList","@id":"https:\/\/mice.ba\/en\/2023\/10\/17\/round-table-on-the-promotion-of-the-cultural-and-historical-heritage-of-the-franciscans\/#breadcrumb","itemListElement":[{"@type":"ListItem","position":1,"name":"Home","item":"https:\/\/mice.ba\/en\/"},{"@type":"ListItem","position":2,"name":"Round table on the promotion of the cultural and historical heritage of the Franciscans"}]},{"@type":"WebSite","@id":"https:\/\/mice.ba\/en\/#website","url":"https:\/\/mice.ba\/en\/","name":"MICE Events","description":"Konferencije, kongresi, incentive putovanja","publisher":{"@id":"https:\/\/mice.ba\/en\/#organization"},"potentialAction":[{"@type":"SearchAction","target":{"@type":"EntryPoint","urlTemplate":"https:\/\/mice.ba\/en\/?s={search_term_string}"},"query-input":{"@type":"PropertyValueSpecification","valueRequired":true,"valueName":"search_term_string"}}],"inLanguage":"en-US"},{"@type":"Organization","@id":"https:\/\/mice.ba\/en\/#organization","name":"MICE.BA","url":"https:\/\/mice.ba\/en\/","logo":{"@type":"ImageObject","inLanguage":"en-US","@id":"https:\/\/mice.ba\/en\/#\/schema\/logo\/image\/","url":"https:\/\/mice.ba\/wp-content\/uploads\/2025\/10\/Logo-MICE-horizontalno-1280-400.jpg","contentUrl":"https:\/\/mice.ba\/wp-content\/uploads\/2025\/10\/Logo-MICE-horizontalno-1280-400.jpg","width":1280,"height":400,"caption":"MICE.BA"},"image":{"@id":"https:\/\/mice.ba\/en\/#\/schema\/logo\/image\/"},"sameAs":["https:\/\/www.facebook.com\/aprioribh\/?locale=hr_HR","https:\/\/www.instagram.com\/mice.bh\/"]},{"@type":"Person","@id":"https:\/\/mice.ba\/en\/#\/schema\/person\/babe6e3d27cd6d6f63af3c681d38bcc0","name":"mox-mice","image":{"@type":"ImageObject","inLanguage":"en-US","@id":"https:\/\/secure.gravatar.com\/avatar\/fa6ddb56dd9b664daf06009b7b4c0bb123c874f5fd1500f88dfa1999f40730b2?s=96&d=mm&r=g","url":"https:\/\/secure.gravatar.com\/avatar\/fa6ddb56dd9b664daf06009b7b4c0bb123c874f5fd1500f88dfa1999f40730b2?s=96&d=mm&r=g","contentUrl":"https:\/\/secure.gravatar.com\/avatar\/fa6ddb56dd9b664daf06009b7b4c0bb123c874f5fd1500f88dfa1999f40730b2?s=96&d=mm&r=g","caption":"mox-mice"},"sameAs":["https:\/\/mice.ba"],"url":"https:\/\/mice.ba\/en\/author\/mox-mice\/"}]}},"_links":{"self":[{"href":"https:\/\/mice.ba\/en\/wp-json\/wp\/v2\/posts\/5360","targetHints":{"allow":["GET"]}}],"collection":[{"href":"https:\/\/mice.ba\/en\/wp-json\/wp\/v2\/posts"}],"about":[{"href":"https:\/\/mice.ba\/en\/wp-json\/wp\/v2\/types\/post"}],"author":[{"embeddable":true,"href":"https:\/\/mice.ba\/en\/wp-json\/wp\/v2\/users\/1"}],"replies":[{"embeddable":true,"href":"https:\/\/mice.ba\/en\/wp-json\/wp\/v2\/comments?post=5360"}],"version-history":[{"count":2,"href":"https:\/\/mice.ba\/en\/wp-json\/wp\/v2\/posts\/5360\/revisions"}],"predecessor-version":[{"id":5363,"href":"https:\/\/mice.ba\/en\/wp-json\/wp\/v2\/posts\/5360\/revisions\/5363"}],"wp:attachment":[{"href":"https:\/\/mice.ba\/en\/wp-json\/wp\/v2\/media?parent=5360"}],"wp:term":[{"taxonomy":"category","embeddable":true,"href":"https:\/\/mice.ba\/en\/wp-json\/wp\/v2\/categories?post=5360"},{"taxonomy":"post_tag","embeddable":true,"href":"https:\/\/mice.ba\/en\/wp-json\/wp\/v2\/tags?post=5360"}],"curies":[{"name":"wp","href":"https:\/\/api.w.org\/{rel}","templated":true}]}}